{"id":3248,"date":"2026-01-29T11:52:46","date_gmt":"2026-01-29T17:52:46","guid":{"rendered":"https:\/\/globalnewsmx.net\/?p=3248"},"modified":"2026-01-29T11:52:49","modified_gmt":"2026-01-29T17:52:49","slug":"revelan-las-extravagancias-que-pidio-cristiano-ronaldo-para-jugar-contra-mexico-en-estadio-azteca","status":"publish","type":"post","link":"https:\/\/globalnewsmx.net\/index.php\/2026\/01\/29\/revelan-las-extravagancias-que-pidio-cristiano-ronaldo-para-jugar-contra-mexico-en-estadio-azteca\/","title":{"rendered":"Revelan las extravagancias que pidi\u00f3 Cristiano Ronaldo para jugar contra M\u00e9xico en Estadio Azteca"},"content":{"rendered":"\n<p>La noticia de que&nbsp;<a href=\"https:\/\/www.soyfutbol.com\/staff\/eder.ramirez\" target=\"_blank\" rel=\"noreferrer noopener\">Cristiano Ronald<\/a>o podr\u00eda pisar el c\u00e9sped del Estadio Azteca ha encendido la pasi\u00f3n de los aficionados. El partido amistoso entre Portugal y M\u00e9xico, programado para el 28 de marzo de 2026, no solo ser\u00e1 un espect\u00e1culo futbol\u00edstico, sino tambi\u00e9n un evento de gran magnitud medi\u00e1tica. La presencia del cinco veces Bal\u00f3n de Oro en el campo a\u00fan no est\u00e1 confirmada, pero las negociaciones avanzan con buen ritmo.<a href=\"https:\/\/www.bing.com\/api\/v1\/mediation\/tracking?adUnit=1732768568&amp;auId=4e43d089-3f78-4a56-8fb9-c5b746588791&amp;bdc=oa&amp;bidId=1&amp;bidderId=4&amp;cmExpId=RSV&amp;impId=1&amp;impTy=1&amp;ldc=rhf2pczr&amp;mkt=es-mx&amp;oAdUnit=1732768568&amp;pId=1&amp;publisherId=17160724&amp;rId=a7b276fd-e1f9-4516-aa2b-a9d7d137daae&amp;region=na&amp;rlink=https%3A%2F%2Fwww.bing.com%2Faclick%3Fld%3De8egkwsvhQqCQIH7LUj4S8djVUCUxnfWJZlPP-xqJvaSxJ17_qmxMtCY62YyzAoshFqk-WLGtn292PSMlcK2j-AqPLGV3ckZnj7h4OPq33d-Q8Ls1xNfO2b5PwhfG84B03wk6e1q0xmyO0BVMkwDwIYMgVNjE5q3ERIi2csdGzZV3Bh2OqueKQv36BGLjkKqFX0PyuRpGuz1AAkqaMahqIxPd_X0g%26u%3DaHR0cHMlM2ElMmYlMmZ3d3cuY2FwY3V0LmNvbSUyZmVzLWVzJTJmdG9vbHMlMmZkZXNrdG9wLXZpZGVvLWVkaXRvciUzZnV0bV9tZWRpdW0lM2RzZW0lMjZhZF9wbGF0Zm9ybV9pZCUzZGJpbmdhZHNfaW50JTI2cGlkJTNkMzU5Mjg5JTI2YWZfY19pZCUzZDQ4NzAyNTgzOCUyNmFkc2V0X2lkJTNkMTI0MDI1MDM1ODAyMTgyMiUyNmFkX2lkJTNkJTI2cGxhY2VtZW50JTNkJTI2a2V5d29yZF9uYW1lJTNkZWRpdG9yJTI1MjBkZSUyNTIwdmlkZW9zJTI1MjBmcmVlJTI2dGFyZ2V0aWQlM2Rrd2QtNzc1MTYwNzI0ODE1ODAlM2Fsb2MtMTE5JTI2bWF0Y2h0eXBlJTNkZSUyNm1zY2xraWQlM2Q5YjNiNTUxZmI1YTAxN2VkMDQwMDNjNjQyOWYwYjYwMyUyNnV0bV9zb3VyY2UlM2RiaW5nJTI2dXRtX2NhbXBhaWduJTNkU3VwcG9ydGluZ18zNTkyODlfTVhfZXNfY2NwY19QQ2Rvd25sb2FkXzI1MDkyM19TRU1fb2NfaW5kdXN0cnklMjZ1dG1fdGVybSUzZGVkaXRvciUyNTIwZGUlMjUyMHZpZGVvcyUyNTIwZnJlZSUyNnV0bV9jb250ZW50JTNkTVhfZXNfY2NwY19QQ2Rvd25sb2FkXzI1MDcxNV9TRU1fb2NfaW5kdXN0cnk%26rlid%3D9b3b551fb5a017ed04003c6429f0b603&amp;rtype=targetURL&amp;tagId=webcompar-inarticle-1&amp;trafficGroup=zfa_angvir&amp;trafficSubGroup=erfreir&amp;uberGroup=hore_1c&amp;uberSubGroup=erfreir\" target=\"_blank\" rel=\"noreferrer noopener\"><\/a><\/p>\n\n\n\n<p>Entre las condiciones que Portugal ha puesto sobre la mesa para asegurar la participaci\u00f3n de Ronaldo, destaca la necesidad de un operativo de seguridad reforzado. La figura del astro portugu\u00e9s atrae a multitudes y medios de todo el mundo, por lo que se requiere un despliegue de seguridad tanto dentro como fuera del estadio. Este tipo de exigencias no son nuevas cuando se trata de jugadores de su calibre.<\/p>\n\n\n\n<figure class=\"wp-block-image size-full\"><img decoding=\"async\" src=\"https:\/\/mundodigitalmx.net\/wp-content\/uploads\/2026\/01\/image-3.png\" alt=\"\" class=\"wp-image-13569\"\/><\/figure>\n\n\n\n<p>Adem\u00e1s, el equipo de Cristiano Ronaldo ha solicitado un hospedaje de alto est\u00e1ndar en la Ciudad de M\u00e9xico. La privacidad y el confort son esenciales para el futbolista y su equipo t\u00e9cnico, quienes buscan un entorno que les permita concentrarse en el juego. La log\u00edstica tambi\u00e9n juega un papel crucial, con requerimientos espec\u00edficos sobre transporte y tiempos de preparaci\u00f3n.<\/p>\n\n\n\n<p>Desde la Federaci\u00f3n Mexicana de F\u00fatbol (FMF), se ha informado que se est\u00e1n atendiendo estos requerimientos. Las conversaciones est\u00e1n avanzadas, y aunque a\u00fan quedan detalles t\u00e9cnicos por resolver, el presidente de la FMF ha declarado que \u201ctodo est\u00e1 casi cerrado\u201d. La expectativa es que el acuerdo se concrete en breve, lo que aumentar\u00eda la emoci\u00f3n de los fan\u00e1ticos mexicanos.<a href=\"https:\/\/www.bing.com\/api\/v1\/mediation\/tracking?adUnit=1732768568&amp;auId=0efbd0ed-33c2-4305-a8cd-29736a5c276b&amp;bdc=oa&amp;bidId=6&amp;bidderId=4&amp;cmExpId=RSV&amp;impId=2&amp;impTy=1&amp;ldc=rhf2pczr&amp;mkt=es-mx&amp;oAdUnit=1732768568&amp;pId=1&amp;publisherId=17160724&amp;rId=a7b276fd-e1f9-4516-aa2b-a9d7d137daae&amp;region=na&amp;rlink=https%3A%2F%2Fwww.bing.com%2Faclick%3Fld%3De8CIBMo4-UqxMIv5lu8cgPWzVUCUwmGME41TNZG4WsUYFirCwdG8CxUIHFBohOow6C3fmXqmvn9SzXQ5TJyJywvRtNTl9LYmON9OVD8VNF24Y74vTCFdr-azKEgXVmXFbYky2VsfbBh2fNgTXEbG3lD4mo8Xqwovg0xF3Zyr-Kbewduferr_Aqo8ZCgYBshfbdtyFABlvOre_glMCT_0Mq6XMj3is%26u%3DaHR0cHMlM2ElMmYlMmZ3d3cuYW50aXZpcnVzbGlzdC5jb20lMmZlcyUyZm1lam9yLWFudGl2aXJ1cyUyZiUzZmxwJTNkZGVmYXVsdCUyNnV0bV9zb3VyY2UlM2RtaWNyb3NvZnQlMjZ1dG1fbWVkaXVtJTNkY3BjJTI2c2d2X21lZGl1bSUzZG5hdGl2ZSUyNnV0bV9jYW1wYWlnbiUzZDY4ODkyMTY1NSUyNnV0bV9jb250ZW50JTNkMTI3NDMzNTcxMzM5NzQ1MyUyNnV0bV90ZXJtJTNka2V5d29yZCUyNmNpZCUzZDc5NjQ2MDkxOTI3MTcwJTI2cGwlM2QlMjZmZWVkaXRlbWlkJTNkJTI2dGFyZ2V0aWQlM2Rrd2QtMjMzMTQ0NTY4ODAyMjU0OSUzYWxvYy0xMTklMjZtdCUzZGUlMjZuZXR3b3JrJTNkYSUyNmRldmljZSUzZGMlMjZhZHBvcyUzZCUyNnAxJTNkJTI2cDIlM2QlMjZnZW9pZCUzZDIwOTYzMCUyNnNndl9tc2Nsa2lkJTNkYWE2NWFkODk1ZDg4MWZlZjBkOGFjNGYyYzFkODZkZmYlMjZtc2Nsa2lkJTNkYWE2NWFkODk1ZDg4MWZlZjBkOGFjNGYyYzFkODZkZmY%26rlid%3Daa65ad895d881fef0d8ac4f2c1d86dff&amp;rtype=targetURL&amp;tagId=webcompar-inarticle-2&amp;trafficGroup=zfa_angvir&amp;trafficSubGroup=erfreir&amp;uberGroup=hore_1c&amp;uberSubGroup=erfreir\" target=\"_blank\" rel=\"noreferrer noopener\"><\/a><\/p>\n\n\n\n<p>Por su parte, las autoridades portuguesas han dejado claro que la decisi\u00f3n final sobre la participaci\u00f3n de CR7 en el amistoso recae en el entrenador de la selecci\u00f3n, Roberto Mart\u00ednez. Este deber\u00e1 evaluar las condiciones f\u00edsicas y la motivaci\u00f3n del jugador antes de dar el visto bueno. La participaci\u00f3n de Ronaldo no solo depende de las negociaciones, sino tambi\u00e9n de su estado f\u00edsico y disposici\u00f3<\/p>\n\n\n\n<p>El encuentro entre M\u00e9xico y Portugal forma parte de una doble fecha FIFA de marzo, en la que el Tri tambi\u00e9n se medir\u00e1 contra B\u00e9lgica. Estos partidos son cruciales para calibrar el rendimiento del equipo mexicano antes del Mundial. Enfrentarse a selecciones europeas de alto nivel es parte de la estrategia de preparaci\u00f3n del Tri rumbo a la justa mundialista.<\/p>\n","protected":false},"excerpt":{"rendered":"<p>La noticia de que&nbsp;Cristiano Ronaldo podr\u00eda pisar el c\u00e9sped del Estadio Azteca ha encendido la pasi\u00f3n de los aficionados. El partido amistoso entre Portugal y M\u00e9xico, programado para el 28 de marzo de 2026, no solo ser\u00e1 un espect\u00e1culo futbol\u00edstico, sino tambi\u00e9n un evento de gran magnitud medi\u00e1tica. La presencia del cinco veces Bal\u00f3n de &hellip;<\/p>\n","protected":false},"author":2,"featured_media":3249,"comment_status":"open","ping_status":"closed","sticky":false,"template":"","format":"standard","meta":{"footnotes":""},"categories":[13],"tags":[],"class_list":["post-3248","post","type-post","status-publish","format-standard","has-post-thumbnail","","category-sports"],"_links":{"self":[{"href":"https:\/\/globalnewsmx.net\/index.php\/wp-json\/wp\/v2\/posts\/3248","targetHints":{"allow":["GET"]}}],"collection":[{"href":"https:\/\/globalnewsmx.net\/index.php\/wp-json\/wp\/v2\/posts"}],"about":[{"href":"https:\/\/globalnewsmx.net\/index.php\/wp-json\/wp\/v2\/types\/post"}],"author":[{"embeddable":true,"href":"https:\/\/globalnewsmx.net\/index.php\/wp-json\/wp\/v2\/users\/2"}],"replies":[{"embeddable":true,"href":"https:\/\/globalnewsmx.net\/index.php\/wp-json\/wp\/v2\/comments?post=3248"}],"version-history":[{"count":1,"href":"https:\/\/globalnewsmx.net\/index.php\/wp-json\/wp\/v2\/posts\/3248\/revisions"}],"predecessor-version":[{"id":3250,"href":"https:\/\/globalnewsmx.net\/index.php\/wp-json\/wp\/v2\/posts\/3248\/revisions\/3250"}],"wp:featuredmedia":[{"embeddable":true,"href":"https:\/\/globalnewsmx.net\/index.php\/wp-json\/wp\/v2\/media\/3249"}],"wp:attachment":[{"href":"https:\/\/globalnewsmx.net\/index.php\/wp-json\/wp\/v2\/media?parent=3248"}],"wp:term":[{"taxonomy":"category","embeddable":true,"href":"https:\/\/globalnewsmx.net\/index.php\/wp-json\/wp\/v2\/categories?post=3248"},{"taxonomy":"post_tag","embeddable":true,"href":"https:\/\/globalnewsmx.net\/index.php\/wp-json\/wp\/v2\/tags?post=3248"}],"curies":[{"name":"wp","href":"https:\/\/api.w.org\/{rel}","templated":true}]}}